{"id":27993,"date":"2018-07-28T13:15:24","date_gmt":"2018-07-28T11:15:24","guid":{"rendered":"https:\/\/welem.com\/enr\/?p=27993"},"modified":"2025-07-27T11:41:45","modified_gmt":"2025-07-27T09:41:45","slug":"chauffe-eau-solaire-maison-de-la-mer-a-plouguerneau","status":"publish","type":"post","link":"https:\/\/welem.com\/enr\/chauffe-eau-solaire-maison-de-la-mer-a-plouguerneau\/","title":{"rendered":"Chauffe-eau solaire Maison de la mer \u00e0 Plouguerneau"},"content":{"rendered":"<style type=\"text\/css\"> \n#cmsms_row_69f4a59b4a42b .cmsms_row_outer_parent { \n\tpadding-top: 0px; \n} \n\n#cmsms_row_69f4a59b4a42b .cmsms_row_outer_parent { \n\tpadding-bottom: 50px; \n} \n\n \n#cmsms_heading_69f4a59b4a5ec, #cmsms_heading_69f4a59b4a5ec a { \n\tfont-weight:400; \n\tfont-style:normal; \n\tmargin-top:0px; \n\tmargin-bottom:20px; \n} \n \n#cmsms_heading_69f4a59b53bcb, #cmsms_heading_69f4a59b53bcb a { \n\tfont-weight:400; \n\tfont-style:normal; \n\tmargin-top:40px; \n\tmargin-bottom:20px; \n} \n<\/style><div id=\"cmsms_row_69f4a59b4a42b\" class=\"cmsms_row cmsms_color_scheme_default\">\n<div class=\"cmsms_row_outer_parent\">\n<div class=\"cmsms_row_outer\">\n<div class=\"cmsms_row_inner\">\n<div class=\"cmsms_row_margin\">\n<div class=\"cmsms_column one_first\">\n<div class=\"cmsms_text\">\n<p>Welem a gagn\u00e9 ce march\u00e9 aupr\u00e8s de la <a href=\"https:\/\/plouguerneau.bzh\/developpement-durable\/\" target=\"_blank\" rel=\"noopener\">Mairie de Plouguerneau<\/a> pour l&rsquo;installation d&rsquo;un chauffe-eau solaire collectif pour l&rsquo;alimentation en eau chaude sanitaire de l&rsquo;ensemble des 16 douches et lavabos des vestiaires de la maison de la mer. Le syst\u00e8me a \u00e9t\u00e9 dimensionn\u00e9 et r\u00e9alis\u00e9 pour couvrir gratuitement gr\u00e2ce au solaire entre 40 et 50% des besoins annuels en eau chaude du centre nautique. Pour cela il a fallu install\u00e9 2 ballons d&rsquo;une capacit\u00e9 total de 3000L et 6 capteurs solaire thermique haut rendement. L&rsquo;ensemble a \u00e9t\u00e9 enti\u00e8rement instrument\u00e9 afin de mesurer en temps r\u00e9el les productions et consommations d&rsquo;\u00e9nergie.<\/p>\n<p>Pour l&rsquo;anecdote, apr\u00e8s la mise en service mi-juillet, au bout d&rsquo;une semaine de fonctionnement, l&rsquo;installation avait couvert 100% des besoin du fait du fort ensoleillement et avait d\u00e9j\u00e0 produit 260 kWh d&rsquo;\u00e9nergie solaire gratuite, soit une \u00e9conomie de 40\u20ac sur la facture d&rsquo;\u00e9lectricit\u00e9.<\/p>\n<p>Ce projet s&rsquo;est fait en partenariat avec l&rsquo;agence locale de l&rsquo;\u00e9nergie <a href=\"http:\/\/www.energence.net\/\" target=\"_blank\" rel=\"noopener\">Ener&rsquo;gence<\/a>. L&rsquo;installation a pu b\u00e9n\u00e9ficier de subventions de la part de l&rsquo;<a href=\"https:\/\/www.ademe.fr\/\" target=\"_blank\" rel=\"noopener\">ADEME<\/a>.<\/p>\n<\/div>\n<h3 id=\"cmsms_heading_69f4a59b4a5ec\" class=\"cmsms_heading\">Aper\u00e7u de l&rsquo;installation<\/h3>\n<div class=\"cmsms_slider\"><script type=\"text\/javascript\">jQuery(function() { _initLayerSlider( '#layerslider_19_ljdvy5h7mr9l', {sliderVersion: '7.15.1', responsiveUnder: 0, layersContainer: 0, slideBGSize: 'auto', pauseOnHover: 1, twoWaySlideshow: true, skin: 'borderlessdark3d', sliderFadeInDuration: 350, globalBGColor: '#cccccc', showCircleTimer: false, tnInactiveOpacity: 45, useSrcset: true, skinsPath: 'https:\/\/welem.com\/enr\/wp-content\/plugins\/LayerSlider\/assets\/static\/layerslider\/skins\/', performanceMode: true}); });<\/script><div id=\"layerslider_19_ljdvy5h7mr9l\"  class=\"ls-wp-container fitvidsignore ls-selectable\" style=\"width:870px;height:460px;margin:0 auto;\"><div class=\"ls-slide\" data-ls=\"duration:6000;\"><img loading=\"lazy\" decoding=\"async\" width=\"870\" height=\"460\" src=\"https:\/\/welem.com\/enr\/wp-content\/uploads\/Maison-Mer-Plouguerneau-Les-capteurs-solaire-thermique.jpg\" class=\"ls-bg\" alt=\"\" srcset=\"https:\/\/welem.com\/enr\/wp-content\/uploads\/Maison-Mer-Plouguerneau-Les-capteurs-solaire-thermique.jpg 870w, https:\/\/welem.com\/enr\/wp-content\/uploads\/Maison-Mer-Plouguerneau-Les-capteurs-solaire-thermique-600x317.jpg 600w, https:\/\/welem.com\/enr\/wp-content\/uploads\/Maison-Mer-Plouguerneau-Les-capteurs-solaire-thermique-300x159.jpg 300w, https:\/\/welem.com\/enr\/wp-content\/uploads\/Maison-Mer-Plouguerneau-Les-capteurs-solaire-thermique-768x406.jpg 768w, https:\/\/welem.com\/enr\/wp-content\/uploads\/Maison-Mer-Plouguerneau-Les-capteurs-solaire-thermique-580x307.jpg 580w, https:\/\/welem.com\/enr\/wp-content\/uploads\/Maison-Mer-Plouguerneau-Les-capteurs-solaire-thermique-820x434.jpg 820w\" sizes=\"auto, (max-width: 870px) 100vw, 870px\" \/><p style=\"text-shadow: none; font-weight: normal; text-align: left;width:870px;padding-top:5px;padding-bottom:5px;padding-left:50px;font-family:Verdana, sans serif;font-size:18px;line-height:auto;color:#222222;top:30px;left:0px;background-color:rgba(255, 255, 255, 0.65);white-space:normal;\" class=\"ls-l ls-text-layer\" data-ls=\"offsetxin:left;scalexin:1.0;scaleyin:1.0;offsetxout:right;scalexout:1.0;scaleyout:1.0;parallaxlevel:0;\">Maison de la mer \u00e0 Plouguerneau - Les capteurs solaires thermiques<\/p><a style=\"\" class=\"ls-l\" href=\"https:\/\/welem.com\/enr\/contact\/\" target=\"_self\" data-ls=\"offsetxin:left;delayin:500;scalexin:1.0;scaleyin:1.0;offsetxout:right;scalexout:1.0;scaleyout:1.0;parallaxlevel:0;\"><h3 style=\"text-shadow: none; font-weight: normal; text-align: left;width:280px;padding-top:5px;padding-right:5px;padding-bottom:5px;padding-left:5px;font-family:Verdana, sans serif;font-size:18px;line-height:20px;color:#222222;border-radius:5px;top:380px;left:30px;background-color:#bfd029;white-space:normal;\" class=\"ls-text-layer\">Besoin de plus d'information ? cliquez ici pour nous contacter<\/h3><\/a><\/div><div class=\"ls-slide\" data-ls=\"duration:5000;\"><img loading=\"lazy\" decoding=\"async\" width=\"259\" height=\"460\" src=\"https:\/\/welem.com\/enr\/wp-content\/uploads\/Maison-Mer-Plouguerneau-Les-ballons-1.jpg\" class=\"ls-bg\" alt=\"\" srcset=\"https:\/\/welem.com\/enr\/wp-content\/uploads\/Maison-Mer-Plouguerneau-Les-ballons-1.jpg 259w, https:\/\/welem.com\/enr\/wp-content\/uploads\/Maison-Mer-Plouguerneau-Les-ballons-1-169x300.jpg 169w\" sizes=\"auto, (max-width: 259px) 100vw, 259px\" \/><p style=\"text-shadow: none; font-weight: normal; text-align: left;width:870px;padding-top:5px;padding-bottom:5px;padding-left:50px;font-family:Verdana, sans serif;font-size:18px;line-height:auto;color:#222222;top:30px;left:0px;background-color:rgba(255, 255, 255, 0.65);white-space:normal;\" class=\"ls-l ls-text-layer\" data-ls=\"offsetxin:left;scalexin:1.0;scaleyin:1.0;offsetxout:right;scalexout:1.0;scaleyout:1.0;parallaxlevel:0;\">Maison de la mer \u00e0 Plouguerneau - Entr\u00e9e de la chaufferie<\/p><a style=\"\" class=\"ls-l\" href=\"https:\/\/welem.com\/enr\/contact\/\" target=\"_self\" data-ls=\"offsetxin:left;delayin:500;scalexin:1.0;scaleyin:1.0;offsetxout:right;scalexout:1.0;scaleyout:1.0;parallaxlevel:0;\"><h3 style=\"text-shadow: none; font-weight: normal; text-align: left;width:280px;padding-top:5px;padding-right:5px;padding-bottom:5px;padding-left:5px;font-family:Verdana, sans serif;font-size:18px;line-height:20px;color:#222222;border-radius:5px;top:380px;left:550px;background-color:#bfd029;white-space:normal;\" class=\"ls-text-layer\">Besoin de plus d'information ? cliquez ici pour nous contacter<\/h3><\/a><\/div><div class=\"ls-slide\" data-ls=\"duration:5000;\"><img loading=\"lazy\" decoding=\"async\" width=\"259\" height=\"460\" src=\"https:\/\/welem.com\/enr\/wp-content\/uploads\/Maison-Mer-Plouguerneau-Les-ballons-2.jpg\" class=\"ls-bg\" alt=\"\" srcset=\"https:\/\/welem.com\/enr\/wp-content\/uploads\/Maison-Mer-Plouguerneau-Les-ballons-2.jpg 259w, https:\/\/welem.com\/enr\/wp-content\/uploads\/Maison-Mer-Plouguerneau-Les-ballons-2-169x300.jpg 169w\" sizes=\"auto, (max-width: 259px) 100vw, 259px\" \/><p style=\"text-shadow: none; font-weight: normal; text-align: left;width:870px;padding-top:5px;padding-bottom:5px;padding-left:50px;font-family:Verdana, sans serif;font-size:18px;line-height:auto;color:#222222;top:30px;left:0px;background-color:rgba(255, 255, 255, 0.65);white-space:normal;\" class=\"ls-l ls-text-layer\" data-ls=\"offsetxin:left;scalexin:1.0;scaleyin:1.0;offsetxout:right;scalexout:1.0;scaleyout:1.0;parallaxlevel:0;\">Maison de la mer \u00e0 Plouguerneau - Les ballons d'accumulation d'eau chaude sanitaire<\/p><a style=\"\" class=\"ls-l\" href=\"https:\/\/welem.com\/enr\/contact\/\" target=\"_self\" data-ls=\"offsetxin:left;delayin:500;scalexin:1.0;scaleyin:1.0;offsetxout:right;scalexout:1.0;scaleyout:1.0;parallaxlevel:0;\"><h3 style=\"text-shadow: none; font-weight: normal; text-align: left;width:280px;padding-top:5px;padding-right:5px;padding-bottom:5px;padding-left:5px;font-family:Verdana, sans serif;font-size:18px;line-height:20px;color:#222222;border-radius:5px;top:380px;left:550px;background-color:#bfd029;white-space:normal;\" class=\"ls-text-layer\">Besoin de plus d'information ? cliquez ici pour nous contacter<\/h3><\/a><\/div><div class=\"ls-slide\" data-ls=\"duration:6000;\"><img loading=\"lazy\" decoding=\"async\" width=\"397\" height=\"460\" src=\"https:\/\/welem.com\/enr\/wp-content\/uploads\/Maison-Mer-Plouguerneau-Station-de-transfert-solaire.jpg\" class=\"ls-bg\" alt=\"\" srcset=\"https:\/\/welem.com\/enr\/wp-content\/uploads\/Maison-Mer-Plouguerneau-Station-de-transfert-solaire.jpg 397w, https:\/\/welem.com\/enr\/wp-content\/uploads\/Maison-Mer-Plouguerneau-Station-de-transfert-solaire-300x348.jpg 300w, https:\/\/welem.com\/enr\/wp-content\/uploads\/Maison-Mer-Plouguerneau-Station-de-transfert-solaire-259x300.jpg 259w\" sizes=\"auto, (max-width: 397px) 100vw, 397px\" \/><p style=\"text-shadow: none; font-weight: normal; text-align: left;width:870px;padding-top:5px;padding-bottom:5px;padding-left:50px;font-family:Verdana, sans serif;font-size:18px;line-height:auto;color:#222222;top:30px;left:0px;background-color:rgba(255, 255, 255, 0.65);white-space:normal;\" class=\"ls-l ls-text-layer\" data-ls=\"offsetxin:left;scalexin:1.0;scaleyin:1.0;offsetxout:right;scalexout:1.0;scaleyout:1.0;parallaxlevel:0;\">Maison de la mer \u00e0 Plouguerneau - La station de transfert solaire<\/p><a style=\"\" class=\"ls-l\" href=\"https:\/\/welem.com\/enr\/contact\/\" target=\"_self\" data-ls=\"offsetxin:left;delayin:500;scalexin:1.0;scaleyin:1.0;offsetxout:right;scalexout:1.0;scaleyout:1.0;parallaxlevel:0;\"><h3 style=\"text-shadow: none; font-weight: normal; text-align: left;width:280px;padding-top:5px;padding-right:5px;padding-bottom:5px;padding-left:5px;font-family:Verdana, sans serif;font-size:18px;line-height:20px;color:#222222;border-radius:5px;top:380px;left:30px;background-color:#bfd029;white-space:normal;\" class=\"ls-text-layer\">Besoin de plus d'information ? cliquez ici pour nous contacter<\/h3><\/a><\/div><div class=\"ls-slide\" data-ls=\"duration:5000;\"><img loading=\"lazy\" decoding=\"async\" width=\"572\" height=\"460\" src=\"https:\/\/welem.com\/enr\/wp-content\/uploads\/Maison-Mer-Plouguerneau-Le-compteur-d\u00e9nergie-thermique-solaire.jpg\" class=\"ls-bg\" alt=\"\" srcset=\"https:\/\/welem.com\/enr\/wp-content\/uploads\/Maison-Mer-Plouguerneau-Le-compteur-d\u00e9nergie-thermique-solaire.jpg 572w, https:\/\/welem.com\/enr\/wp-content\/uploads\/Maison-Mer-Plouguerneau-Le-compteur-d\u00e9nergie-thermique-solaire-300x241.jpg 300w\" sizes=\"auto, (max-width: 572px) 100vw, 572px\" \/><p style=\"text-shadow: none; font-weight: normal; text-align: left;width:870px;padding-top:5px;padding-bottom:5px;padding-left:50px;font-family:Verdana, sans serif;font-size:18px;line-height:auto;color:#222222;top:30px;left:0px;background-color:rgba(255, 255, 255, 0.65);white-space:normal;\" class=\"ls-l ls-text-layer\" data-ls=\"offsetxin:left;scalexin:1.0;scaleyin:1.0;offsetxout:right;scalexout:1.0;scaleyout:1.0;parallaxlevel:0;\">Maison de la mer \u00e0 Plouguerneau - Le compteur d'\u00e9nergie solaire<\/p><a style=\"\" class=\"ls-l\" href=\"https:\/\/welem.com\/enr\/contact\/\" target=\"_self\" data-ls=\"offsetxin:left;delayin:500;scalexin:1.0;scaleyin:1.0;offsetxout:right;scalexout:1.0;scaleyout:1.0;parallaxlevel:0;\"><h3 style=\"text-shadow: none; font-weight: normal; text-align: left;width:280px;padding-top:5px;padding-right:5px;padding-bottom:5px;padding-left:5px;font-family:Verdana, sans serif;font-size:18px;line-height:20px;color:#222222;border-radius:5px;top:380px;left:550px;background-color:#bfd029;white-space:normal;\" class=\"ls-text-layer\">Besoin de plus d'information ? cliquez ici pour nous contacter<\/h3><\/a><\/div><div class=\"ls-slide\" data-ls=\"duration:6000;\"><img loading=\"lazy\" decoding=\"async\" width=\"870\" height=\"460\" src=\"https:\/\/welem.com\/enr\/wp-content\/uploads\/Maison-Mer-Plouguerneau-Le-compteur-d\u00e9nergie-\u00e9lectrique.jpg\" class=\"ls-bg\" alt=\"\" srcset=\"https:\/\/welem.com\/enr\/wp-content\/uploads\/Maison-Mer-Plouguerneau-Le-compteur-d\u00e9nergie-\u00e9lectrique.jpg 870w, https:\/\/welem.com\/enr\/wp-content\/uploads\/Maison-Mer-Plouguerneau-Le-compteur-d\u00e9nergie-\u00e9lectrique-600x317.jpg 600w, https:\/\/welem.com\/enr\/wp-content\/uploads\/Maison-Mer-Plouguerneau-Le-compteur-d\u00e9nergie-\u00e9lectrique-300x159.jpg 300w, https:\/\/welem.com\/enr\/wp-content\/uploads\/Maison-Mer-Plouguerneau-Le-compteur-d\u00e9nergie-\u00e9lectrique-768x406.jpg 768w, https:\/\/welem.com\/enr\/wp-content\/uploads\/Maison-Mer-Plouguerneau-Le-compteur-d\u00e9nergie-\u00e9lectrique-580x307.jpg 580w, https:\/\/welem.com\/enr\/wp-content\/uploads\/Maison-Mer-Plouguerneau-Le-compteur-d\u00e9nergie-\u00e9lectrique-820x434.jpg 820w\" sizes=\"auto, (max-width: 870px) 100vw, 870px\" \/><p style=\"text-shadow: none; font-weight: normal; text-align: left;width:870px;padding-top:5px;padding-bottom:5px;padding-left:50px;font-family:Verdana, sans serif;font-size:18px;line-height:auto;color:#222222;top:30px;left:0px;background-color:rgba(255, 255, 255, 0.65);white-space:normal;\" class=\"ls-l ls-text-layer\" data-ls=\"offsetxin:left;scalexin:1.0;scaleyin:1.0;offsetxout:right;scalexout:1.0;scaleyout:1.0;parallaxlevel:0;\">Maison de la mer \u00e0 Plouguerneau - Le compteur d'\u00e9nergie \u00e9lectrique<\/p><a style=\"\" class=\"ls-l\" href=\"https:\/\/welem.com\/enr\/contact\/\" target=\"_self\" data-ls=\"offsetxin:left;delayin:500;scalexin:1.0;scaleyin:1.0;offsetxout:right;scalexout:1.0;scaleyout:1.0;parallaxlevel:0;\"><h3 style=\"text-shadow: none; font-weight: normal; text-align: left;width:280px;padding-top:5px;padding-right:5px;padding-bottom:5px;padding-left:5px;font-family:Verdana, sans serif;font-size:18px;line-height:20px;color:#222222;border-radius:5px;top:380px;left:30px;background-color:#bfd029;white-space:normal;\" class=\"ls-text-layer\">Besoin de plus d'information ? cliquez ici pour nous contacter<\/h3><\/a><\/div><\/div><\/div>\n<h3 id=\"cmsms_heading_69f4a59b53bcb\" class=\"cmsms_heading\">Article du journal T\u00e9l\u00e9gramme du 28\/07\/2018<\/h3><div class=\"cmsms_img  cmsms_image_n .cmsms_image img { border-radius: 20px; \/* ajustez \u00e0 votre go\u00fbt *\/ }\" data-animation=\"bounceInUp\" data-delay=\"0\">\n<a href=\"https:\/\/welem.com\/enr\/180728_telegramme_welem_maisonmerplouguerneau\/\" rel=\"ilightbox\"><img decoding=\"async\" src=\"https:\/\/welem.com\/enr\/wp-content\/uploads\/180728_Telegramme_Welem_MaisonMerPlouguerneau-scaled.jpg\" \/><\/a>\n<\/div>\n<div class=\"cmsms_text\">\n<p>Voir l&rsquo;<a href=\"https:\/\/www.letelegramme.fr\/finistere\/plouguerneau\/energie-solaire-le-centre-nautique-investit-27-07-2018-12038554.php\" target=\"_blank\" rel=\"noopener\">article du T\u00e9l\u00e9gramme en ligne<\/a>.<\/p>\n<\/div>\n<\/div>\n<\/div>\n<\/div>\n<\/div>\n<\/div>\n<\/div>\n\n","protected":false},"excerpt":{"rendered":"","protected":false},"author":75,"featured_media":28023,"comment_status":"open","ping_status":"open","sticky":false,"template":"","format":"standard","meta":{"footnotes":""},"categories":[41],"tags":[],"class_list":["post-27993","post","type-post","status-publish","format-standard","has-post-thumbnail","hentry","category-articles-de-presse"],"yoast_head":"<!-- This site is optimized with the Yoast SEO plugin v27.5 - https:\/\/yoast.com\/product\/yoast-seo-wordpress\/ -->\n<title>Chauffe-eau solaire Maison de la mer \u00e0 Plouguerneau - WELEM<\/title>\n<meta name=\"robots\" content=\"index, follow, max-snippet:-1, max-image-preview:large, max-video-preview:-1\" \/>\n<link rel=\"canonical\" href=\"https:\/\/welem.com\/enr\/chauffe-eau-solaire-maison-de-la-mer-a-plouguerneau\/\" \/>\n<meta property=\"og:locale\" content=\"fr_FR\" \/>\n<meta property=\"og:type\" content=\"article\" \/>\n<meta property=\"og:title\" content=\"Chauffe-eau solaire Maison de la mer \u00e0 Plouguerneau - WELEM\" \/>\n<meta property=\"og:url\" content=\"https:\/\/welem.com\/enr\/chauffe-eau-solaire-maison-de-la-mer-a-plouguerneau\/\" \/>\n<meta property=\"og:site_name\" content=\"WELEM\" \/>\n<meta property=\"article:publisher\" content=\"https:\/\/www.facebook.com\/WELEM-105304956191421\" \/>\n<meta property=\"article:published_time\" content=\"2018-07-28T11:15:24+00:00\" \/>\n<meta property=\"article:modified_time\" content=\"2025-07-27T09:41:45+00:00\" \/>\n<meta property=\"og:image\" content=\"https:\/\/welem.com\/enr\/wp-content\/uploads\/180728_Telegramme_Welem_MaisonMerPlouguerneau-scaled.jpg\" \/>\n\t<meta property=\"og:image:width\" content=\"2560\" \/>\n\t<meta property=\"og:image:height\" content=\"1776\" \/>\n\t<meta property=\"og:image:type\" content=\"image\/jpeg\" \/>\n<meta name=\"author\" content=\"Webmaster WELEM\" \/>\n<meta name=\"twitter:card\" content=\"summary_large_image\" \/>\n<meta name=\"twitter:creator\" content=\"@societewelem\" \/>\n<meta name=\"twitter:site\" content=\"@societewelem\" \/>\n<meta name=\"twitter:label1\" content=\"\u00c9crit par\" \/>\n\t<meta name=\"twitter:data1\" content=\"Webmaster WELEM\" \/>\n\t<meta name=\"twitter:label2\" content=\"Dur\u00e9e de lecture estim\u00e9e\" \/>\n\t<meta name=\"twitter:data2\" content=\"2 minutes\" \/>\n<script type=\"application\/ld+json\" class=\"yoast-schema-graph\">{\"@context\":\"https:\\\/\\\/schema.org\",\"@graph\":[{\"@type\":\"Article\",\"@id\":\"https:\\\/\\\/welem.com\\\/enr\\\/chauffe-eau-solaire-maison-de-la-mer-a-plouguerneau\\\/#article\",\"isPartOf\":{\"@id\":\"https:\\\/\\\/welem.com\\\/enr\\\/chauffe-eau-solaire-maison-de-la-mer-a-plouguerneau\\\/\"},\"author\":{\"name\":\"Webmaster WELEM\",\"@id\":\"https:\\\/\\\/welem.com\\\/enr\\\/#\\\/schema\\\/person\\\/4f05b65cc17bfce94ce2bdaf1d36e572\"},\"headline\":\"Chauffe-eau solaire Maison de la mer \u00e0 Plouguerneau\",\"datePublished\":\"2018-07-28T11:15:24+00:00\",\"dateModified\":\"2025-07-27T09:41:45+00:00\",\"mainEntityOfPage\":{\"@id\":\"https:\\\/\\\/welem.com\\\/enr\\\/chauffe-eau-solaire-maison-de-la-mer-a-plouguerneau\\\/\"},\"wordCount\":377,\"commentCount\":0,\"publisher\":{\"@id\":\"https:\\\/\\\/welem.com\\\/enr\\\/#organization\"},\"image\":{\"@id\":\"https:\\\/\\\/welem.com\\\/enr\\\/chauffe-eau-solaire-maison-de-la-mer-a-plouguerneau\\\/#primaryimage\"},\"thumbnailUrl\":\"https:\\\/\\\/welem.com\\\/enr\\\/wp-content\\\/uploads\\\/180728_Telegramme_Welem_MaisonMerPlouguerneau-scaled.jpg\",\"articleSection\":[\"Articles de presse\"],\"inLanguage\":\"fr-FR\",\"potentialAction\":[{\"@type\":\"CommentAction\",\"name\":\"Comment\",\"target\":[\"https:\\\/\\\/welem.com\\\/enr\\\/chauffe-eau-solaire-maison-de-la-mer-a-plouguerneau\\\/#respond\"]}]},{\"@type\":\"WebPage\",\"@id\":\"https:\\\/\\\/welem.com\\\/enr\\\/chauffe-eau-solaire-maison-de-la-mer-a-plouguerneau\\\/\",\"url\":\"https:\\\/\\\/welem.com\\\/enr\\\/chauffe-eau-solaire-maison-de-la-mer-a-plouguerneau\\\/\",\"name\":\"Chauffe-eau solaire Maison de la mer \u00e0 Plouguerneau - WELEM\",\"isPartOf\":{\"@id\":\"https:\\\/\\\/welem.com\\\/enr\\\/#website\"},\"primaryImageOfPage\":{\"@id\":\"https:\\\/\\\/welem.com\\\/enr\\\/chauffe-eau-solaire-maison-de-la-mer-a-plouguerneau\\\/#primaryimage\"},\"image\":{\"@id\":\"https:\\\/\\\/welem.com\\\/enr\\\/chauffe-eau-solaire-maison-de-la-mer-a-plouguerneau\\\/#primaryimage\"},\"thumbnailUrl\":\"https:\\\/\\\/welem.com\\\/enr\\\/wp-content\\\/uploads\\\/180728_Telegramme_Welem_MaisonMerPlouguerneau-scaled.jpg\",\"datePublished\":\"2018-07-28T11:15:24+00:00\",\"dateModified\":\"2025-07-27T09:41:45+00:00\",\"breadcrumb\":{\"@id\":\"https:\\\/\\\/welem.com\\\/enr\\\/chauffe-eau-solaire-maison-de-la-mer-a-plouguerneau\\\/#breadcrumb\"},\"inLanguage\":\"fr-FR\",\"potentialAction\":[{\"@type\":\"ReadAction\",\"target\":[\"https:\\\/\\\/welem.com\\\/enr\\\/chauffe-eau-solaire-maison-de-la-mer-a-plouguerneau\\\/\"]}]},{\"@type\":\"ImageObject\",\"inLanguage\":\"fr-FR\",\"@id\":\"https:\\\/\\\/welem.com\\\/enr\\\/chauffe-eau-solaire-maison-de-la-mer-a-plouguerneau\\\/#primaryimage\",\"url\":\"https:\\\/\\\/welem.com\\\/enr\\\/wp-content\\\/uploads\\\/180728_Telegramme_Welem_MaisonMerPlouguerneau-scaled.jpg\",\"contentUrl\":\"https:\\\/\\\/welem.com\\\/enr\\\/wp-content\\\/uploads\\\/180728_Telegramme_Welem_MaisonMerPlouguerneau-scaled.jpg\",\"width\":2560,\"height\":1776},{\"@type\":\"BreadcrumbList\",\"@id\":\"https:\\\/\\\/welem.com\\\/enr\\\/chauffe-eau-solaire-maison-de-la-mer-a-plouguerneau\\\/#breadcrumb\",\"itemListElement\":[{\"@type\":\"ListItem\",\"position\":1,\"name\":\"Accueil\",\"item\":\"https:\\\/\\\/welem.com\\\/enr\\\/\"},{\"@type\":\"ListItem\",\"position\":2,\"name\":\"Chauffe-eau solaire Maison de la mer \u00e0 Plouguerneau\"}]},{\"@type\":\"WebSite\",\"@id\":\"https:\\\/\\\/welem.com\\\/enr\\\/#website\",\"url\":\"https:\\\/\\\/welem.com\\\/enr\\\/\",\"name\":\"WELEM - L'\u00e9nergie autrement\",\"description\":\"La r\u00e9novation \u00e9nerg\u00e9tique globale\",\"publisher\":{\"@id\":\"https:\\\/\\\/welem.com\\\/enr\\\/#organization\"},\"potentialAction\":[{\"@type\":\"SearchAction\",\"target\":{\"@type\":\"EntryPoint\",\"urlTemplate\":\"https:\\\/\\\/welem.com\\\/enr\\\/?s={search_term_string}\"},\"query-input\":{\"@type\":\"PropertyValueSpecification\",\"valueRequired\":true,\"valueName\":\"search_term_string\"}}],\"inLanguage\":\"fr-FR\"},{\"@type\":\"Organization\",\"@id\":\"https:\\\/\\\/welem.com\\\/enr\\\/#organization\",\"name\":\"WELEM\",\"url\":\"https:\\\/\\\/welem.com\\\/enr\\\/\",\"logo\":{\"@type\":\"ImageObject\",\"inLanguage\":\"fr-FR\",\"@id\":\"https:\\\/\\\/welem.com\\\/enr\\\/#\\\/schema\\\/logo\\\/image\\\/\",\"url\":\"https:\\\/\\\/welem.com\\\/enr\\\/wp-content\\\/uploads\\\/logoWelemRetina.png\",\"contentUrl\":\"https:\\\/\\\/welem.com\\\/enr\\\/wp-content\\\/uploads\\\/logoWelemRetina.png\",\"width\":900,\"height\":311,\"caption\":\"WELEM\"},\"image\":{\"@id\":\"https:\\\/\\\/welem.com\\\/enr\\\/#\\\/schema\\\/logo\\\/image\\\/\"},\"sameAs\":[\"https:\\\/\\\/www.facebook.com\\\/WELEM-105304956191421\",\"https:\\\/\\\/x.com\\\/societewelem\",\"https:\\\/\\\/www.youtube.com\\\/channel\\\/UCx7WBxMNWO_SgykAVYK0xzQ\"]},{\"@type\":\"Person\",\"@id\":\"https:\\\/\\\/welem.com\\\/enr\\\/#\\\/schema\\\/person\\\/4f05b65cc17bfce94ce2bdaf1d36e572\",\"name\":\"Webmaster WELEM\",\"image\":{\"@type\":\"ImageObject\",\"inLanguage\":\"fr-FR\",\"@id\":\"https:\\\/\\\/secure.gravatar.com\\\/avatar\\\/156bc0345a1c2af0aa5bcc52e20eb19005f9386539b35c314f1ebe4d903568ef?s=96&d=mm&r=g\",\"url\":\"https:\\\/\\\/secure.gravatar.com\\\/avatar\\\/156bc0345a1c2af0aa5bcc52e20eb19005f9386539b35c314f1ebe4d903568ef?s=96&d=mm&r=g\",\"contentUrl\":\"https:\\\/\\\/secure.gravatar.com\\\/avatar\\\/156bc0345a1c2af0aa5bcc52e20eb19005f9386539b35c314f1ebe4d903568ef?s=96&d=mm&r=g\",\"caption\":\"Webmaster WELEM\"},\"sameAs\":[\"http:\\\/\\\/welem.com\"]}]}<\/script>\n<!-- \/ Yoast SEO plugin. -->","yoast_head_json":{"title":"Chauffe-eau solaire Maison de la mer \u00e0 Plouguerneau - WELEM","robots":{"index":"index","follow":"follow","max-snippet":"max-snippet:-1","max-image-preview":"max-image-preview:large","max-video-preview":"max-video-preview:-1"},"canonical":"https:\/\/welem.com\/enr\/chauffe-eau-solaire-maison-de-la-mer-a-plouguerneau\/","og_locale":"fr_FR","og_type":"article","og_title":"Chauffe-eau solaire Maison de la mer \u00e0 Plouguerneau - WELEM","og_url":"https:\/\/welem.com\/enr\/chauffe-eau-solaire-maison-de-la-mer-a-plouguerneau\/","og_site_name":"WELEM","article_publisher":"https:\/\/www.facebook.com\/WELEM-105304956191421","article_published_time":"2018-07-28T11:15:24+00:00","article_modified_time":"2025-07-27T09:41:45+00:00","og_image":[{"width":2560,"height":1776,"url":"https:\/\/welem.com\/enr\/wp-content\/uploads\/180728_Telegramme_Welem_MaisonMerPlouguerneau-scaled.jpg","type":"image\/jpeg"}],"author":"Webmaster WELEM","twitter_card":"summary_large_image","twitter_creator":"@societewelem","twitter_site":"@societewelem","twitter_misc":{"\u00c9crit par":"Webmaster WELEM","Dur\u00e9e de lecture estim\u00e9e":"2 minutes"},"schema":{"@context":"https:\/\/schema.org","@graph":[{"@type":"Article","@id":"https:\/\/welem.com\/enr\/chauffe-eau-solaire-maison-de-la-mer-a-plouguerneau\/#article","isPartOf":{"@id":"https:\/\/welem.com\/enr\/chauffe-eau-solaire-maison-de-la-mer-a-plouguerneau\/"},"author":{"name":"Webmaster WELEM","@id":"https:\/\/welem.com\/enr\/#\/schema\/person\/4f05b65cc17bfce94ce2bdaf1d36e572"},"headline":"Chauffe-eau solaire Maison de la mer \u00e0 Plouguerneau","datePublished":"2018-07-28T11:15:24+00:00","dateModified":"2025-07-27T09:41:45+00:00","mainEntityOfPage":{"@id":"https:\/\/welem.com\/enr\/chauffe-eau-solaire-maison-de-la-mer-a-plouguerneau\/"},"wordCount":377,"commentCount":0,"publisher":{"@id":"https:\/\/welem.com\/enr\/#organization"},"image":{"@id":"https:\/\/welem.com\/enr\/chauffe-eau-solaire-maison-de-la-mer-a-plouguerneau\/#primaryimage"},"thumbnailUrl":"https:\/\/welem.com\/enr\/wp-content\/uploads\/180728_Telegramme_Welem_MaisonMerPlouguerneau-scaled.jpg","articleSection":["Articles de presse"],"inLanguage":"fr-FR","potentialAction":[{"@type":"CommentAction","name":"Comment","target":["https:\/\/welem.com\/enr\/chauffe-eau-solaire-maison-de-la-mer-a-plouguerneau\/#respond"]}]},{"@type":"WebPage","@id":"https:\/\/welem.com\/enr\/chauffe-eau-solaire-maison-de-la-mer-a-plouguerneau\/","url":"https:\/\/welem.com\/enr\/chauffe-eau-solaire-maison-de-la-mer-a-plouguerneau\/","name":"Chauffe-eau solaire Maison de la mer \u00e0 Plouguerneau - WELEM","isPartOf":{"@id":"https:\/\/welem.com\/enr\/#website"},"primaryImageOfPage":{"@id":"https:\/\/welem.com\/enr\/chauffe-eau-solaire-maison-de-la-mer-a-plouguerneau\/#primaryimage"},"image":{"@id":"https:\/\/welem.com\/enr\/chauffe-eau-solaire-maison-de-la-mer-a-plouguerneau\/#primaryimage"},"thumbnailUrl":"https:\/\/welem.com\/enr\/wp-content\/uploads\/180728_Telegramme_Welem_MaisonMerPlouguerneau-scaled.jpg","datePublished":"2018-07-28T11:15:24+00:00","dateModified":"2025-07-27T09:41:45+00:00","breadcrumb":{"@id":"https:\/\/welem.com\/enr\/chauffe-eau-solaire-maison-de-la-mer-a-plouguerneau\/#breadcrumb"},"inLanguage":"fr-FR","potentialAction":[{"@type":"ReadAction","target":["https:\/\/welem.com\/enr\/chauffe-eau-solaire-maison-de-la-mer-a-plouguerneau\/"]}]},{"@type":"ImageObject","inLanguage":"fr-FR","@id":"https:\/\/welem.com\/enr\/chauffe-eau-solaire-maison-de-la-mer-a-plouguerneau\/#primaryimage","url":"https:\/\/welem.com\/enr\/wp-content\/uploads\/180728_Telegramme_Welem_MaisonMerPlouguerneau-scaled.jpg","contentUrl":"https:\/\/welem.com\/enr\/wp-content\/uploads\/180728_Telegramme_Welem_MaisonMerPlouguerneau-scaled.jpg","width":2560,"height":1776},{"@type":"BreadcrumbList","@id":"https:\/\/welem.com\/enr\/chauffe-eau-solaire-maison-de-la-mer-a-plouguerneau\/#breadcrumb","itemListElement":[{"@type":"ListItem","position":1,"name":"Accueil","item":"https:\/\/welem.com\/enr\/"},{"@type":"ListItem","position":2,"name":"Chauffe-eau solaire Maison de la mer \u00e0 Plouguerneau"}]},{"@type":"WebSite","@id":"https:\/\/welem.com\/enr\/#website","url":"https:\/\/welem.com\/enr\/","name":"WELEM - L'\u00e9nergie autrement","description":"La r\u00e9novation \u00e9nerg\u00e9tique globale","publisher":{"@id":"https:\/\/welem.com\/enr\/#organization"},"potentialAction":[{"@type":"SearchAction","target":{"@type":"EntryPoint","urlTemplate":"https:\/\/welem.com\/enr\/?s={search_term_string}"},"query-input":{"@type":"PropertyValueSpecification","valueRequired":true,"valueName":"search_term_string"}}],"inLanguage":"fr-FR"},{"@type":"Organization","@id":"https:\/\/welem.com\/enr\/#organization","name":"WELEM","url":"https:\/\/welem.com\/enr\/","logo":{"@type":"ImageObject","inLanguage":"fr-FR","@id":"https:\/\/welem.com\/enr\/#\/schema\/logo\/image\/","url":"https:\/\/welem.com\/enr\/wp-content\/uploads\/logoWelemRetina.png","contentUrl":"https:\/\/welem.com\/enr\/wp-content\/uploads\/logoWelemRetina.png","width":900,"height":311,"caption":"WELEM"},"image":{"@id":"https:\/\/welem.com\/enr\/#\/schema\/logo\/image\/"},"sameAs":["https:\/\/www.facebook.com\/WELEM-105304956191421","https:\/\/x.com\/societewelem","https:\/\/www.youtube.com\/channel\/UCx7WBxMNWO_SgykAVYK0xzQ"]},{"@type":"Person","@id":"https:\/\/welem.com\/enr\/#\/schema\/person\/4f05b65cc17bfce94ce2bdaf1d36e572","name":"Webmaster WELEM","image":{"@type":"ImageObject","inLanguage":"fr-FR","@id":"https:\/\/secure.gravatar.com\/avatar\/156bc0345a1c2af0aa5bcc52e20eb19005f9386539b35c314f1ebe4d903568ef?s=96&d=mm&r=g","url":"https:\/\/secure.gravatar.com\/avatar\/156bc0345a1c2af0aa5bcc52e20eb19005f9386539b35c314f1ebe4d903568ef?s=96&d=mm&r=g","contentUrl":"https:\/\/secure.gravatar.com\/avatar\/156bc0345a1c2af0aa5bcc52e20eb19005f9386539b35c314f1ebe4d903568ef?s=96&d=mm&r=g","caption":"Webmaster WELEM"},"sameAs":["http:\/\/welem.com"]}]}},"_links":{"self":[{"href":"https:\/\/welem.com\/enr\/wp-json\/wp\/v2\/posts\/27993","targetHints":{"allow":["GET"]}}],"collection":[{"href":"https:\/\/welem.com\/enr\/wp-json\/wp\/v2\/posts"}],"about":[{"href":"https:\/\/welem.com\/enr\/wp-json\/wp\/v2\/types\/post"}],"author":[{"embeddable":true,"href":"https:\/\/welem.com\/enr\/wp-json\/wp\/v2\/users\/75"}],"replies":[{"embeddable":true,"href":"https:\/\/welem.com\/enr\/wp-json\/wp\/v2\/comments?post=27993"}],"version-history":[{"count":0,"href":"https:\/\/welem.com\/enr\/wp-json\/wp\/v2\/posts\/27993\/revisions"}],"wp:featuredmedia":[{"embeddable":true,"href":"https:\/\/welem.com\/enr\/wp-json\/wp\/v2\/media\/28023"}],"wp:attachment":[{"href":"https:\/\/welem.com\/enr\/wp-json\/wp\/v2\/media?parent=27993"}],"wp:term":[{"taxonomy":"category","embeddable":true,"href":"https:\/\/welem.com\/enr\/wp-json\/wp\/v2\/categories?post=27993"},{"taxonomy":"post_tag","embeddable":true,"href":"https:\/\/welem.com\/enr\/wp-json\/wp\/v2\/tags?post=27993"}],"curies":[{"name":"wp","href":"https:\/\/api.w.org\/{rel}","templated":true}]}}